{"id":662,"date":"2024-11-07T23:49:46","date_gmt":"2024-11-07T23:49:46","guid":{"rendered":"https:\/\/mangoemex.com\/congreso\/?p=662"},"modified":"2024-11-07T23:49:49","modified_gmt":"2024-11-07T23:49:49","slug":"nota-informativa-numero-002","status":"publish","type":"post","link":"https:\/\/mangoemex.com\/congreso\/nota-informativa-numero-002\/","title":{"rendered":"Nota Informativa N\u00famero 002"},"content":{"rendered":"<p>[et_pb_section fb_built=\u00bb1&#8243; theme_builder_area=\u00bbpost_content\u00bb _builder_version=\u00bb4.24.0&#8243; _module_preset=\u00bbdefault\u00bb][et_pb_row _builder_version=\u00bb4.24.0&#8243; _module_preset=\u00bbdefault\u00bb theme_builder_area=\u00bbpost_content\u00bb][et_pb_column _builder_version=\u00bb4.24.0&#8243; _module_preset=\u00bbdefault\u00bb type=\u00bb4_4&#8243; theme_builder_area=\u00bbpost_content\u00bb][et_pb_image _builder_version=\u00bb4.24.0&#8243; _module_preset=\u00bbdefault\u00bb theme_builder_area=\u00bbpost_content\u00bb hover_enabled=\u00bb0&#8243; sticky_enabled=\u00bb0&#8243; title_text=\u00bbImagen 1&#8243; src=\u00bbhttps:\/\/mangoemex.com\/congreso\/wp-content\/uploads\/2024\/11\/Imagen-1.png\u00bb][\/et_pb_image][et_pb_text _builder_version=\u00bb4.24.0&#8243; _module_preset=\u00bbdefault\u00bb theme_builder_area=\u00bbpost_content\u00bb hover_enabled=\u00bb0&#8243; sticky_enabled=\u00bb0&#8243;]<\/p>\n<h1 style=\"font-weight: 400;\"><strong>Nota Informativa N\u00famero 002<\/strong><\/h1>\n<h2 style=\"font-weight: 400;\"><strong>GUADALAJARA, PUNTO DE ENCUENTRO INTERNACIONAL PARA ANALIZAR EL FUTURO DEL MANGO<\/strong><\/h2>\n<p style=\"font-weight: 400;\"><strong>Guadalajara, 8 de noviembre de 2024. <\/strong>\u00a0<\/p>\n<p style=\"font-weight: 400;\">Australia, Espa\u00f1a, Per\u00fa, Singapur, Estados Unidos, Per\u00fa, Costa Rica y Ecuador entre otros pa\u00edses, estar\u00e1n representados en el <strong>Cuarto Congreso Internacional de Productores y Exportadores de Mango<\/strong>, evento organizado por <strong>EMEX, Empacadoras de Mango de Exportaci\u00f3n A.C<\/strong>.<\/p>\n<p style=\"font-weight: 400;\">Temas como las diferentes tendencias de consumo, el papel de la innovaci\u00f3n en las cadenas de suministro y la nueva log\u00edstica y la agroindustria y su valor agregado ser\u00e1n abordados en las jornadas de actividades, el pr\u00f3ximo 21 y 22 de noviembre en la sede del Hotel Fiesta Americana, en Guadalajara, Jalisco, M\u00e9xico.<\/p>\n<p style=\"font-weight: 400;\">Un profesional del periodismo especializado, Francisco Seva Rivadulla, que ha desarrollado buena parte de su carrera analizando el sector productivo y en especial el mercado del mango, compartir\u00e1 en un Panel junto a Ana Cristina Villalpando, directora\u00a0de la C\u00e1mara Nacional de\u00a0la Industria Tequilera y por m\u00e1s de una d\u00e9cada, dedicada al sector agroindustrial desde iniciativa privada, el servicio p\u00fablico y organismos del sector, Hiram Ibarra, empresario agr\u00edcola, fundador de la OLAJ, (Organizaci\u00f3n Latino Americana de Agro Empresarios J\u00f3venes), Noris Ledesma, Doctora especialista en recursos gen\u00e9ticos de frutales tropicales, reconocida mundialmente por su trabajo en variedades y especies de mango, y Ra\u00fal D\u00edaz, Responsable de el cumplimiento normativo nacional e internacional para la comercializaci\u00f3n de los diferentes productos de Grupo Alta, una perspectiva sobre los desaf\u00edos hacia 2025 en materia agroindustrial para el mercado mundial del mango de Estados Unidos, Jap\u00f3n, la Uni\u00f3n Europea junto con la industria mexicana.<\/p>\n<p style=\"font-weight: 400;\">Otro de los cap\u00edtulos destacados del Congreso ser\u00e1 el tratamiento del escenario de pol\u00edticas y regulaciones internacionales orientados hacia la inocuidad alimentaria.<\/p>\n<p style=\"font-weight: 400;\">Durante dos jornadas, expertos de distintas latitudes compartir\u00e1n sus experiencias, y simult\u00e1neamente el Congreso ofrecer\u00e1 una oportunidad acuerdos y contactos efectivos en sus espacios de Mesas de Negocios para fomentar diferentes acuerdos comerciales, con el apoyo log\u00edstico de EMEX para facilitar encuentros altamente productivos.<\/p>\n<p style=\"font-weight: 400;\">Desde el an\u00e1lisis de la operaci\u00f3n de cosecha hasta la innovaci\u00f3n y la integraci\u00f3n tecnol\u00f3gica y las tendencias que marcar\u00e1n a futuro el pulso mundial del mercado, el Cuarto Congreso Internacional de Productores y Exportadores de Mangos conectar\u00e1 mercados y tambi\u00e9n una perspectiva amplia de nuevas oportunidades productivas y comerciales.<\/p>\n<p style=\"font-weight: 400;\">\n<p style=\"font-weight: 400;\"><strong>Comunicaci\u00f3n Institucional <\/strong><\/p>\n<p style=\"font-weight: 400;\"><strong>EMEX. Empacadoras de Mango de Exportaci\u00f3n A.C<\/strong><\/p>\n<p>[\/et_pb_text][\/et_pb_column][\/et_pb_row][\/et_pb_section]<\/p>\n","protected":false},"excerpt":{"rendered":"<p>Nota Informativa N\u00famero 002 GUADALAJARA, PUNTO DE ENCUENTRO INTERNACIONAL PARA ANALIZAR EL FUTURO DEL MANGO Guadalajara, 8 de noviembre de 2024. \u00a0 Australia, Espa\u00f1a, Per\u00fa, Singapur, Estados Unidos, Per\u00fa, Costa Rica y Ecuador entre otros pa\u00edses, estar\u00e1n representados en el Cuarto Congreso Internacional de Productores y Exportadores de Mango, evento organizado por EMEX, Empacadoras de [&hellip;]<\/p>\n","protected":false},"author":1,"featured_media":0,"comment_status":"open","ping_status":"open","sticky":false,"template":"","format":"standard","meta":{"_et_pb_use_builder":"on","_et_pb_old_content":"","_et_gb_content_width":"","footnotes":""},"categories":[24],"tags":[],"class_list":["post-662","post","type-post","status-publish","format-standard","hentry","category-blog"],"yoast_head":"<!-- This site is optimized with the Yoast SEO plugin v27.5 - https:\/\/yoast.com\/product\/yoast-seo-wordpress\/ -->\n<title>Nota Informativa N\u00famero 002 -<\/title>\n<meta name=\"robots\" content=\"index, follow, max-snippet:-1, max-image-preview:large, max-video-preview:-1\" \/>\n<link rel=\"canonical\" href=\"https:\/\/mangoemex.com\/congreso\/nota-informativa-numero-002\/\" \/>\n<meta property=\"og:locale\" content=\"es_ES\" \/>\n<meta property=\"og:type\" content=\"article\" \/>\n<meta property=\"og:title\" content=\"Nota Informativa N\u00famero 002 -\" \/>\n<meta property=\"og:description\" content=\"Nota Informativa N\u00famero 002 GUADALAJARA, PUNTO DE ENCUENTRO INTERNACIONAL PARA ANALIZAR EL FUTURO DEL MANGO Guadalajara, 8 de noviembre de 2024. \u00a0 Australia, Espa\u00f1a, Per\u00fa, Singapur, Estados Unidos, Per\u00fa, Costa Rica y Ecuador entre otros pa\u00edses, estar\u00e1n representados en el Cuarto Congreso Internacional de Productores y Exportadores de Mango, evento organizado por EMEX, Empacadoras de [&hellip;]\" \/>\n<meta property=\"og:url\" content=\"https:\/\/mangoemex.com\/congreso\/nota-informativa-numero-002\/\" \/>\n<meta property=\"article:published_time\" content=\"2024-11-07T23:49:46+00:00\" \/>\n<meta property=\"article:modified_time\" content=\"2024-11-07T23:49:49+00:00\" \/>\n<meta name=\"author\" content=\"admin\" \/>\n<meta name=\"twitter:card\" content=\"summary_large_image\" \/>\n<meta name=\"twitter:label1\" content=\"Escrito por\" \/>\n\t<meta name=\"twitter:data1\" content=\"admin\" \/>\n\t<meta name=\"twitter:label2\" content=\"Tiempo de lectura\" \/>\n\t<meta name=\"twitter:data2\" content=\"2 minutos\" \/>\n<script type=\"application\/ld+json\" class=\"yoast-schema-graph\">{\"@context\":\"https:\\\/\\\/schema.org\",\"@graph\":[{\"@type\":\"Article\",\"@id\":\"https:\\\/\\\/mangoemex.com\\\/congreso\\\/nota-informativa-numero-002\\\/#article\",\"isPartOf\":{\"@id\":\"https:\\\/\\\/mangoemex.com\\\/congreso\\\/nota-informativa-numero-002\\\/\"},\"author\":{\"name\":\"admin\",\"@id\":\"https:\\\/\\\/mangoemex.com\\\/congreso\\\/#\\\/schema\\\/person\\\/568aaf8a3b3daf4ec2e0bef1fa2b40c8\"},\"headline\":\"Nota Informativa N\u00famero 002\",\"datePublished\":\"2024-11-07T23:49:46+00:00\",\"dateModified\":\"2024-11-07T23:49:49+00:00\",\"mainEntityOfPage\":{\"@id\":\"https:\\\/\\\/mangoemex.com\\\/congreso\\\/nota-informativa-numero-002\\\/\"},\"wordCount\":527,\"commentCount\":0,\"articleSection\":[\"blog\"],\"inLanguage\":\"es\",\"potentialAction\":[{\"@type\":\"CommentAction\",\"name\":\"Comment\",\"target\":[\"https:\\\/\\\/mangoemex.com\\\/congreso\\\/nota-informativa-numero-002\\\/#respond\"]}]},{\"@type\":\"WebPage\",\"@id\":\"https:\\\/\\\/mangoemex.com\\\/congreso\\\/nota-informativa-numero-002\\\/\",\"url\":\"https:\\\/\\\/mangoemex.com\\\/congreso\\\/nota-informativa-numero-002\\\/\",\"name\":\"Nota Informativa N\u00famero 002 -\",\"isPartOf\":{\"@id\":\"https:\\\/\\\/mangoemex.com\\\/congreso\\\/#website\"},\"datePublished\":\"2024-11-07T23:49:46+00:00\",\"dateModified\":\"2024-11-07T23:49:49+00:00\",\"author\":{\"@id\":\"https:\\\/\\\/mangoemex.com\\\/congreso\\\/#\\\/schema\\\/person\\\/568aaf8a3b3daf4ec2e0bef1fa2b40c8\"},\"breadcrumb\":{\"@id\":\"https:\\\/\\\/mangoemex.com\\\/congreso\\\/nota-informativa-numero-002\\\/#breadcrumb\"},\"inLanguage\":\"es\",\"potentialAction\":[{\"@type\":\"ReadAction\",\"target\":[\"https:\\\/\\\/mangoemex.com\\\/congreso\\\/nota-informativa-numero-002\\\/\"]}]},{\"@type\":\"BreadcrumbList\",\"@id\":\"https:\\\/\\\/mangoemex.com\\\/congreso\\\/nota-informativa-numero-002\\\/#breadcrumb\",\"itemListElement\":[{\"@type\":\"ListItem\",\"position\":1,\"name\":\"Portada\",\"item\":\"https:\\\/\\\/mangoemex.com\\\/congreso\\\/\"},{\"@type\":\"ListItem\",\"position\":2,\"name\":\"Nota Informativa N\u00famero 002\"}]},{\"@type\":\"WebSite\",\"@id\":\"https:\\\/\\\/mangoemex.com\\\/congreso\\\/#website\",\"url\":\"https:\\\/\\\/mangoemex.com\\\/congreso\\\/\",\"name\":\"\",\"description\":\"\",\"potentialAction\":[{\"@type\":\"SearchAction\",\"target\":{\"@type\":\"EntryPoint\",\"urlTemplate\":\"https:\\\/\\\/mangoemex.com\\\/congreso\\\/?s={search_term_string}\"},\"query-input\":{\"@type\":\"PropertyValueSpecification\",\"valueRequired\":true,\"valueName\":\"search_term_string\"}}],\"inLanguage\":\"es\"},{\"@type\":\"Person\",\"@id\":\"https:\\\/\\\/mangoemex.com\\\/congreso\\\/#\\\/schema\\\/person\\\/568aaf8a3b3daf4ec2e0bef1fa2b40c8\",\"name\":\"admin\",\"image\":{\"@type\":\"ImageObject\",\"inLanguage\":\"es\",\"@id\":\"https:\\\/\\\/secure.gravatar.com\\\/avatar\\\/1c2b01f96d61a9bbe08e7cd0a532c1e735bb57d24868b577c3903ac459d000aa?s=96&d=mm&r=g\",\"url\":\"https:\\\/\\\/secure.gravatar.com\\\/avatar\\\/1c2b01f96d61a9bbe08e7cd0a532c1e735bb57d24868b577c3903ac459d000aa?s=96&d=mm&r=g\",\"contentUrl\":\"https:\\\/\\\/secure.gravatar.com\\\/avatar\\\/1c2b01f96d61a9bbe08e7cd0a532c1e735bb57d24868b577c3903ac459d000aa?s=96&d=mm&r=g\",\"caption\":\"admin\"},\"sameAs\":[\"http:\\\/\\\/mangoemex.com\\\/congreso\"],\"url\":\"https:\\\/\\\/mangoemex.com\\\/congreso\\\/author\\\/admin\\\/\"}]}<\/script>\n<!-- \/ Yoast SEO plugin. -->","yoast_head_json":{"title":"Nota Informativa N\u00famero 002 -","robots":{"index":"index","follow":"follow","max-snippet":"max-snippet:-1","max-image-preview":"max-image-preview:large","max-video-preview":"max-video-preview:-1"},"canonical":"https:\/\/mangoemex.com\/congreso\/nota-informativa-numero-002\/","og_locale":"es_ES","og_type":"article","og_title":"Nota Informativa N\u00famero 002 -","og_description":"Nota Informativa N\u00famero 002 GUADALAJARA, PUNTO DE ENCUENTRO INTERNACIONAL PARA ANALIZAR EL FUTURO DEL MANGO Guadalajara, 8 de noviembre de 2024. \u00a0 Australia, Espa\u00f1a, Per\u00fa, Singapur, Estados Unidos, Per\u00fa, Costa Rica y Ecuador entre otros pa\u00edses, estar\u00e1n representados en el Cuarto Congreso Internacional de Productores y Exportadores de Mango, evento organizado por EMEX, Empacadoras de [&hellip;]","og_url":"https:\/\/mangoemex.com\/congreso\/nota-informativa-numero-002\/","article_published_time":"2024-11-07T23:49:46+00:00","article_modified_time":"2024-11-07T23:49:49+00:00","author":"admin","twitter_card":"summary_large_image","twitter_misc":{"Escrito por":"admin","Tiempo de lectura":"2 minutos"},"schema":{"@context":"https:\/\/schema.org","@graph":[{"@type":"Article","@id":"https:\/\/mangoemex.com\/congreso\/nota-informativa-numero-002\/#article","isPartOf":{"@id":"https:\/\/mangoemex.com\/congreso\/nota-informativa-numero-002\/"},"author":{"name":"admin","@id":"https:\/\/mangoemex.com\/congreso\/#\/schema\/person\/568aaf8a3b3daf4ec2e0bef1fa2b40c8"},"headline":"Nota Informativa N\u00famero 002","datePublished":"2024-11-07T23:49:46+00:00","dateModified":"2024-11-07T23:49:49+00:00","mainEntityOfPage":{"@id":"https:\/\/mangoemex.com\/congreso\/nota-informativa-numero-002\/"},"wordCount":527,"commentCount":0,"articleSection":["blog"],"inLanguage":"es","potentialAction":[{"@type":"CommentAction","name":"Comment","target":["https:\/\/mangoemex.com\/congreso\/nota-informativa-numero-002\/#respond"]}]},{"@type":"WebPage","@id":"https:\/\/mangoemex.com\/congreso\/nota-informativa-numero-002\/","url":"https:\/\/mangoemex.com\/congreso\/nota-informativa-numero-002\/","name":"Nota Informativa N\u00famero 002 -","isPartOf":{"@id":"https:\/\/mangoemex.com\/congreso\/#website"},"datePublished":"2024-11-07T23:49:46+00:00","dateModified":"2024-11-07T23:49:49+00:00","author":{"@id":"https:\/\/mangoemex.com\/congreso\/#\/schema\/person\/568aaf8a3b3daf4ec2e0bef1fa2b40c8"},"breadcrumb":{"@id":"https:\/\/mangoemex.com\/congreso\/nota-informativa-numero-002\/#breadcrumb"},"inLanguage":"es","potentialAction":[{"@type":"ReadAction","target":["https:\/\/mangoemex.com\/congreso\/nota-informativa-numero-002\/"]}]},{"@type":"BreadcrumbList","@id":"https:\/\/mangoemex.com\/congreso\/nota-informativa-numero-002\/#breadcrumb","itemListElement":[{"@type":"ListItem","position":1,"name":"Portada","item":"https:\/\/mangoemex.com\/congreso\/"},{"@type":"ListItem","position":2,"name":"Nota Informativa N\u00famero 002"}]},{"@type":"WebSite","@id":"https:\/\/mangoemex.com\/congreso\/#website","url":"https:\/\/mangoemex.com\/congreso\/","name":"","description":"","potentialAction":[{"@type":"SearchAction","target":{"@type":"EntryPoint","urlTemplate":"https:\/\/mangoemex.com\/congreso\/?s={search_term_string}"},"query-input":{"@type":"PropertyValueSpecification","valueRequired":true,"valueName":"search_term_string"}}],"inLanguage":"es"},{"@type":"Person","@id":"https:\/\/mangoemex.com\/congreso\/#\/schema\/person\/568aaf8a3b3daf4ec2e0bef1fa2b40c8","name":"admin","image":{"@type":"ImageObject","inLanguage":"es","@id":"https:\/\/secure.gravatar.com\/avatar\/1c2b01f96d61a9bbe08e7cd0a532c1e735bb57d24868b577c3903ac459d000aa?s=96&d=mm&r=g","url":"https:\/\/secure.gravatar.com\/avatar\/1c2b01f96d61a9bbe08e7cd0a532c1e735bb57d24868b577c3903ac459d000aa?s=96&d=mm&r=g","contentUrl":"https:\/\/secure.gravatar.com\/avatar\/1c2b01f96d61a9bbe08e7cd0a532c1e735bb57d24868b577c3903ac459d000aa?s=96&d=mm&r=g","caption":"admin"},"sameAs":["https:\/\/mangoemex.com\/congreso"],"url":"https:\/\/mangoemex.com\/congreso\/author\/admin\/"}]}},"_links":{"self":[{"href":"https:\/\/mangoemex.com\/congreso\/wp-json\/wp\/v2\/posts\/662","targetHints":{"allow":["GET"]}}],"collection":[{"href":"https:\/\/mangoemex.com\/congreso\/wp-json\/wp\/v2\/posts"}],"about":[{"href":"https:\/\/mangoemex.com\/congreso\/wp-json\/wp\/v2\/types\/post"}],"author":[{"embeddable":true,"href":"https:\/\/mangoemex.com\/congreso\/wp-json\/wp\/v2\/users\/1"}],"replies":[{"embeddable":true,"href":"https:\/\/mangoemex.com\/congreso\/wp-json\/wp\/v2\/comments?post=662"}],"version-history":[{"count":2,"href":"https:\/\/mangoemex.com\/congreso\/wp-json\/wp\/v2\/posts\/662\/revisions"}],"predecessor-version":[{"id":667,"href":"https:\/\/mangoemex.com\/congreso\/wp-json\/wp\/v2\/posts\/662\/revisions\/667"}],"wp:attachment":[{"href":"https:\/\/mangoemex.com\/congreso\/wp-json\/wp\/v2\/media?parent=662"}],"wp:term":[{"taxonomy":"category","embeddable":true,"href":"https:\/\/mangoemex.com\/congreso\/wp-json\/wp\/v2\/categories?post=662"},{"taxonomy":"post_tag","embeddable":true,"href":"https:\/\/mangoemex.com\/congreso\/wp-json\/wp\/v2\/tags?post=662"}],"curies":[{"name":"wp","href":"https:\/\/api.w.org\/{rel}","templated":true}]}}